{"id":111,"date":"2025-07-19T09:11:02","date_gmt":"2025-07-19T09:11:02","guid":{"rendered":"https:\/\/graiulviu.ro\/?p=111"},"modified":"2025-07-19T09:34:40","modified_gmt":"2025-07-19T09:34:40","slug":"izvoarele-din-brasov-trecute-pe-lista-neagra","status":"publish","type":"post","link":"https:\/\/graiulviu.ro\/?p=111","title":{"rendered":"Izvoarele din Bra\u0219ov, trecute pe lista neagr\u0103"},"content":{"rendered":"\n<p><strong>Ministerul S\u0103n\u0103t\u0103\u021bii vrea s\u0103 interzic\u0103 consumul apei naturale din Noua \u0219i de la Pietrele lui Solomon, iar \u021b\u0103ranii din D\u00e2mbovi\u021ba sunt amenda\u021bi c\u0103 i\u0219i ud\u0103 culturile cu apa din r\u00e2u. In acest timp, un deputat USR propune o lege pentru taxarea apei din f\u00e2nt\u00e2ni \u0219i izvoare<\/strong><\/p>\n\n\n\n<figure class=\"wp-block-image size-full\"><img loading=\"lazy\" decoding=\"async\" width=\"759\" height=\"488\" src=\"https:\/\/graiulviu.ro\/wp-content\/uploads\/2025\/07\/apa-izvor-apa-baut.jpeg\" alt=\"\" class=\"wp-image-112\" srcset=\"https:\/\/graiulviu.ro\/wp-content\/uploads\/2025\/07\/apa-izvor-apa-baut.jpeg 759w, https:\/\/graiulviu.ro\/wp-content\/uploads\/2025\/07\/apa-izvor-apa-baut-300x193.jpeg 300w, https:\/\/graiulviu.ro\/wp-content\/uploads\/2025\/07\/apa-izvor-apa-baut-676x435.jpeg 676w\" sizes=\"auto, (max-width: 759px) 100vw, 759px\" \/><\/figure>\n\n\n\n<p>C\u0103nd vezi un izvor de munte, limpede, rece, curg\u00e2nd din st\u00e2nc\u0103, nu te g\u00e2nde\u0219ti c\u0103 ar putea deveni periculos. Dar iat\u0103 c\u0103 a venit ziua \u00een care ni se spune c\u0103 nici izvorul nu mai e sigur. Ministerul S\u0103n\u0103t\u0103\u021bii a transmis un mesaj Prim\u0103riei Bra\u0219ov: apa de la unele izvoare din Noua \u0219i Pietrele lui Solomon nu este conform\u0103 pentru consum. Prim\u0103ria a fost obligat\u0103 s\u0103 posteze aceast\u0103 informare \u0219i, cel mai probabil, va trebui s\u0103 monteze panouri de avertizare.<\/p>\n\n\n\n<p>\u00cei spunem &#8222;informare&#8221;, dar de fapt este un ordin. Sub pretextul c\u0103 apa &#8222;nu e conform\u0103&#8221; se preg\u0103tesc urm\u0103toarele m\u0103suri. Dar care izvor? C\u00e2nd au fost prelevate probele? Ce parametri nu se \u00eencadreaz\u0103? Cine a cerut analiza? \u0218i de ce acum, brusc, vara, c\u00e2nd lumea vine la izvor cu sticlele?<\/p>\n\n\n\n<figure class=\"wp-block-image size-large\"><img loading=\"lazy\" decoding=\"async\" width=\"761\" height=\"1024\" src=\"https:\/\/graiulviu.ro\/wp-content\/uploads\/2025\/07\/1-761x1024.jpg\" alt=\"\" class=\"wp-image-117\" srcset=\"https:\/\/graiulviu.ro\/wp-content\/uploads\/2025\/07\/1-761x1024.jpg 761w, https:\/\/graiulviu.ro\/wp-content\/uploads\/2025\/07\/1-223x300.jpg 223w, https:\/\/graiulviu.ro\/wp-content\/uploads\/2025\/07\/1-768x1033.jpg 768w, https:\/\/graiulviu.ro\/wp-content\/uploads\/2025\/07\/1-1142x1536.jpg 1142w, https:\/\/graiulviu.ro\/wp-content\/uploads\/2025\/07\/1-676x909.jpg 676w, https:\/\/graiulviu.ro\/wp-content\/uploads\/2025\/07\/1.jpg 1179w\" sizes=\"auto, (max-width: 761px) 100vw, 761px\" \/><\/figure>\n\n\n\n<p>La Pietrele lui Solomon n-a func\u021bionat niciodat\u0103 o ferm\u0103 de animale, s\u0103 produc\u0103 infesta\u021bie. \u00cen amonte e doar p\u0103dure. \u00cen Noua, oamenii beau de zeci de ani din izvorul de la cap\u0103tul parcului. Nimeni nu s-a pl\u00e2ns. Nimeni n-a murit. Nici m\u0103car vreo indigestie nu s-a raportat. Dar iat\u0103 c\u0103, dintr-odat\u0103, izvoarele au devenit suspecte.<\/p>\n\n\n\n<p>Cineva ar putea spune c\u0103 e o m\u0103sur\u0103 de protec\u021bie. Dar ce fel de protec\u021bie e aceea care nu explic\u0103 nimic, doar interzice? Asta nu mai e s\u0103n\u0103tate public\u0103, e dictatur\u0103 tehnocratic\u0103.<\/p>\n\n\n\n<p>Dac\u0103 ne uit\u0103m la tabloul mai larg, vedem c\u0103 s\u0103pt\u0103m\u00e2na trecut\u0103, un \u021b\u0103ran a fost amendat cu 5.000 de lei pentru c\u0103 uda varza cu ap\u0103 dintr-un canal alimentat de r\u00e2ul D\u00e2mbovi\u021ba. A fost luat de pe c\u00e2mp \u0219i dus la Poli\u021bie, ca un infractor. Nu fura. nu vindea, omul doar i\u0219i lucra p\u0103m\u00e2ntul. Se folosea de o resurs\u0103 care curgea pe l\u00e2ng\u0103 ogorul lui de c\u00e2nd lumea. <\/p>\n\n\n\n<h2 class=\"wp-block-heading\">Lege pentru&nbsp;taxarea apei din f\u00e2nt\u00e2ni \u0219i izvoare<\/h2>\n\n\n\n<p>Presiunea nu se opre\u0219te la Bra\u0219ov sau la Lungule\u021bu. \u00cen Parlament, deputatul USR&nbsp;Ada Milea a ini\u021biat un proiect de lege care prevede&nbsp;<strong>taxarea apei din f\u00e2nt\u00e2ni \u0219i izvoare<\/strong>&nbsp;folosit\u0103 \u00een gospod\u0103rii. F\u0103r\u0103 nicio consultare public\u0103 \u0219i f\u0103r\u0103 vreo dezbatere real\u0103. Oamenii nici m\u0103car nu au fost informa\u021bi. Se preg\u0103te\u0219te, \u00een t\u0103cere, o lege care va transforma&nbsp;<strong>dreptul la ap\u0103<\/strong>&nbsp;\u00eentr-o surs\u0103 de venit la buget. Nu de la corpora\u021bii, ci de la omul simplu, cel care bea ap\u0103 din curtea lui. Momentan, proiectul ini\u021biat de&nbsp;Ada Milea (USR)&nbsp;este&nbsp;abia la \u00eenceput de drum<strong>:<\/strong> textul a fost trimis c\u0103tre comisiile permanente (probabil cele pentru mediu \u0219i buget), care urmeaz\u0103 s\u0103-l analizeze. Urmeaz\u0103 pa\u0219ii formali: aviz \u00een comisii, eventual amendare, \u0219i apoi prezentare \u00een plen pentru vot.<\/p>\n\n\n\n<p>Am ajuns s\u0103 tr\u0103im intr-o lume in care apa curat\u0103, apa de ploaie, apa de r\u00e2u sau apa de izvor au devenit contraven\u021bii. O lume \u00een care totul se decide prin directive, formulare \u0219i aprob\u0103ri de la birocra\u021bi care probabil n-au b\u0103ut niciodat\u0103 dintr-un izvor \u0219i n-au urcat niciodat\u0103 pe munte. O lume \u00een care Bruxelles-ul vrea s\u0103 reglementeze p\u00e2nza freatic\u0103, iar UE ne &#8222;recomand\u0103&#8221; s\u0103 nu mai for\u0103m f\u00e2nt\u00e2ni. <\/p>\n\n\n\n<p>\u0218i nu uita\u021bi cine e la putere acum: USR, revenit \u00een guvern, \u0219i Nicu\u0219or Dan, instalat la Cotroceni. Exact cum au fost adu\u0219i la butoane \u00eenainte de pandemie, c\u00e2nd trebuiau semnate contractele de vaccinuri, acum sunt pu\u0219i s\u0103 semneze cedarea a ce ne-a mai r\u0103mas: ap\u0103, p\u0103m\u00e2nt, resurse, energie.<\/p>\n\n\n\n<p>Am fost avertiza\u021bi c\u0103 asta va urma. C\u0103 vom fi taxa\u021bi pentru &#8222;Ap\u0103. Hran\u0103. Energie.&#8221; Au r\u00e2s de cei care incercau s\u0103 ne deschid\u0103 ochii, i-au interzis, i-au scos de pe buletinele de vot \u0219i le-au f\u0103cut dosare penale. Ast\u0103zi, vorbele lor se adeveresc. <\/p>\n\n\n\n<p>Dar ce e de f\u0103cut? S\u0103 nu t\u0103cem. S\u0103 cerem explica\u021bii, s\u0103 cerem acces la analize, s\u0103 nu accept\u0103m etichete vagi puse peste izvoare care au hr\u0103nit un ora\u0219 \u00een timp de pace, de r\u0103zboi, de secet\u0103 \u0219i de bel\u0219ug. Izvoarele nu sunt &#8222;neconforme&#8221;, dar sunt incomode pentru cei care vor s\u0103 ne v\u00e2nd\u0103 totul, p\u00e2n\u0103 \u0219i sticla cu ap\u0103 rece.<\/p>\n\n\n\n<p>E despre Bra\u0219ov, dar nu numai. E despre fiecare comunitate care tr\u0103ie\u0219te din ce-i ofer\u0103 p\u0103m\u00e2ntul. E despre ap\u0103, despre r\u0103d\u0103cini, despre dreptul de a tr\u0103i f\u0103r\u0103 permisiune. Acum e momentul s\u0103 ne ridic\u0103m \u0219i s\u0103 \u021binem linia. Ce pierdem azi nu ne mai d\u0103 nimeni \u00eenapoi.<\/p>\n","protected":false},"excerpt":{"rendered":"<p>Ministerul S\u0103n\u0103t\u0103\u021bii vrea s\u0103 interzic\u0103 consumul apei naturale din Noua \u0219i de la Pietrele lui Solomon, iar \u021b\u0103ranii din D\u00e2mbovi\u021ba sunt amenda\u021bi c\u0103 i\u0219i ud\u0103 culturile cu apa din r\u00e2u. In acest timp, un deputat USR propune o lege pentru taxarea apei din f\u00e2nt\u00e2ni \u0219i izvoare C\u0103nd vezi un izvor de munte, limpede, rece, curg\u00e2nd [&hellip;]<\/p>\n","protected":false},"author":1,"featured_media":0,"comment_status":"open","ping_status":"open","sticky":false,"template":"","format":"standard","meta":{"footnotes":""},"categories":[1],"tags":[],"class_list":["post-111","post","type-post","status-publish","format-standard","hentry","category-fara-categorie","post-preview"],"yoast_head":"<!-- This site is optimized with the Yoast SEO plugin v25.3.1 - https:\/\/yoast.com\/wordpress\/plugins\/seo\/ -->\n<title>Izvoarele din Bra\u0219ov, trecute pe lista neagr\u0103 - Graiul Viu<\/title>\n<meta name=\"robots\" content=\"index, follow, max-snippet:-1, max-image-preview:large, max-video-preview:-1\" \/>\n<link rel=\"canonical\" href=\"https:\/\/graiulviu.ro\/?p=111\" \/>\n<meta property=\"og:locale\" content=\"ro_RO\" \/>\n<meta property=\"og:type\" content=\"article\" \/>\n<meta property=\"og:title\" content=\"Izvoarele din Bra\u0219ov, trecute pe lista neagr\u0103 - Graiul Viu\" \/>\n<meta property=\"og:description\" content=\"Ministerul S\u0103n\u0103t\u0103\u021bii vrea s\u0103 interzic\u0103 consumul apei naturale din Noua \u0219i de la Pietrele lui Solomon, iar \u021b\u0103ranii din D\u00e2mbovi\u021ba sunt amenda\u021bi c\u0103 i\u0219i ud\u0103 culturile cu apa din r\u00e2u. In acest timp, un deputat USR propune o lege pentru taxarea apei din f\u00e2nt\u00e2ni \u0219i izvoare C\u0103nd vezi un izvor de munte, limpede, rece, curg\u00e2nd [&hellip;]\" \/>\n<meta property=\"og:url\" content=\"https:\/\/graiulviu.ro\/?p=111\" \/>\n<meta property=\"og:site_name\" content=\"Graiul Viu\" \/>\n<meta property=\"article:publisher\" content=\"https:\/\/www.facebook.com\/profile.php?id=100069328187717\" \/>\n<meta property=\"article:published_time\" content=\"2025-07-19T09:11:02+00:00\" \/>\n<meta property=\"article:modified_time\" content=\"2025-07-19T09:34:40+00:00\" \/>\n<meta property=\"og:image\" content=\"https:\/\/graiulviu.ro\/wp-content\/uploads\/2025\/07\/apa-izvor-apa-baut.jpeg\" \/>\n\t<meta property=\"og:image:width\" content=\"759\" \/>\n\t<meta property=\"og:image:height\" content=\"488\" \/>\n\t<meta property=\"og:image:type\" content=\"image\/jpeg\" \/>\n<meta name=\"author\" content=\"admin\" \/>\n<meta name=\"twitter:card\" content=\"summary_large_image\" \/>\n<meta name=\"twitter:label1\" content=\"Scris de\" \/>\n\t<meta name=\"twitter:data1\" content=\"admin\" \/>\n\t<meta name=\"twitter:label2\" content=\"Timp estimat pentru citire\" \/>\n\t<meta name=\"twitter:data2\" content=\"5 minute\" \/>\n<script type=\"application\/ld+json\" class=\"yoast-schema-graph\">{\"@context\":\"https:\/\/schema.org\",\"@graph\":[{\"@type\":\"Article\",\"@id\":\"https:\/\/graiulviu.ro\/?p=111#article\",\"isPartOf\":{\"@id\":\"https:\/\/graiulviu.ro\/?p=111\"},\"author\":{\"name\":\"admin\",\"@id\":\"https:\/\/graiulviu.ro\/#\/schema\/person\/8f6638447718b426986efde0e67aa153\"},\"headline\":\"Izvoarele din Bra\u0219ov, trecute pe lista neagr\u0103\",\"datePublished\":\"2025-07-19T09:11:02+00:00\",\"dateModified\":\"2025-07-19T09:34:40+00:00\",\"mainEntityOfPage\":{\"@id\":\"https:\/\/graiulviu.ro\/?p=111\"},\"wordCount\":867,\"commentCount\":0,\"publisher\":{\"@id\":\"https:\/\/graiulviu.ro\/#organization\"},\"image\":{\"@id\":\"https:\/\/graiulviu.ro\/?p=111#primaryimage\"},\"thumbnailUrl\":\"https:\/\/graiulviu.ro\/wp-content\/uploads\/2025\/07\/apa-izvor-apa-baut.jpeg\",\"inLanguage\":\"ro-RO\",\"potentialAction\":[{\"@type\":\"CommentAction\",\"name\":\"Comment\",\"target\":[\"https:\/\/graiulviu.ro\/?p=111#respond\"]}]},{\"@type\":\"WebPage\",\"@id\":\"https:\/\/graiulviu.ro\/?p=111\",\"url\":\"https:\/\/graiulviu.ro\/?p=111\",\"name\":\"Izvoarele din Bra\u0219ov, trecute pe lista neagr\u0103 - Graiul Viu\",\"isPartOf\":{\"@id\":\"https:\/\/graiulviu.ro\/#website\"},\"primaryImageOfPage\":{\"@id\":\"https:\/\/graiulviu.ro\/?p=111#primaryimage\"},\"image\":{\"@id\":\"https:\/\/graiulviu.ro\/?p=111#primaryimage\"},\"thumbnailUrl\":\"https:\/\/graiulviu.ro\/wp-content\/uploads\/2025\/07\/apa-izvor-apa-baut.jpeg\",\"datePublished\":\"2025-07-19T09:11:02+00:00\",\"dateModified\":\"2025-07-19T09:34:40+00:00\",\"breadcrumb\":{\"@id\":\"https:\/\/graiulviu.ro\/?p=111#breadcrumb\"},\"inLanguage\":\"ro-RO\",\"potentialAction\":[{\"@type\":\"ReadAction\",\"target\":[\"https:\/\/graiulviu.ro\/?p=111\"]}]},{\"@type\":\"ImageObject\",\"inLanguage\":\"ro-RO\",\"@id\":\"https:\/\/graiulviu.ro\/?p=111#primaryimage\",\"url\":\"https:\/\/graiulviu.ro\/wp-content\/uploads\/2025\/07\/apa-izvor-apa-baut.jpeg\",\"contentUrl\":\"https:\/\/graiulviu.ro\/wp-content\/uploads\/2025\/07\/apa-izvor-apa-baut.jpeg\",\"width\":759,\"height\":488},{\"@type\":\"BreadcrumbList\",\"@id\":\"https:\/\/graiulviu.ro\/?p=111#breadcrumb\",\"itemListElement\":[{\"@type\":\"ListItem\",\"position\":1,\"name\":\"Home\",\"item\":\"https:\/\/graiulviu.ro\/\"},{\"@type\":\"ListItem\",\"position\":2,\"name\":\"Izvoarele din Bra\u0219ov, trecute pe lista neagr\u0103\"}]},{\"@type\":\"WebSite\",\"@id\":\"https:\/\/graiulviu.ro\/#website\",\"url\":\"https:\/\/graiulviu.ro\/\",\"name\":\"Graiul Viu\",\"description\":\"G\u00e2nd liber. Vorb\u0103 dreapt\u0103\",\"publisher\":{\"@id\":\"https:\/\/graiulviu.ro\/#organization\"},\"potentialAction\":[{\"@type\":\"SearchAction\",\"target\":{\"@type\":\"EntryPoint\",\"urlTemplate\":\"https:\/\/graiulviu.ro\/?s={search_term_string}\"},\"query-input\":{\"@type\":\"PropertyValueSpecification\",\"valueRequired\":true,\"valueName\":\"search_term_string\"}}],\"inLanguage\":\"ro-RO\"},{\"@type\":\"Organization\",\"@id\":\"https:\/\/graiulviu.ro\/#organization\",\"name\":\"Graiul Viu\",\"url\":\"https:\/\/graiulviu.ro\/\",\"logo\":{\"@type\":\"ImageObject\",\"inLanguage\":\"ro-RO\",\"@id\":\"https:\/\/graiulviu.ro\/#\/schema\/logo\/image\/\",\"url\":\"https:\/\/graiulviu.ro\/wp-content\/uploads\/2025\/06\/Graiul_Viu_logo.png\",\"contentUrl\":\"https:\/\/graiulviu.ro\/wp-content\/uploads\/2025\/06\/Graiul_Viu_logo.png\",\"width\":1024,\"height\":1024,\"caption\":\"Graiul Viu\"},\"image\":{\"@id\":\"https:\/\/graiulviu.ro\/#\/schema\/logo\/image\/\"},\"sameAs\":[\"https:\/\/www.facebook.com\/profile.php?id=100069328187717\"]},{\"@type\":\"Person\",\"@id\":\"https:\/\/graiulviu.ro\/#\/schema\/person\/8f6638447718b426986efde0e67aa153\",\"name\":\"admin\",\"image\":{\"@type\":\"ImageObject\",\"inLanguage\":\"ro-RO\",\"@id\":\"https:\/\/graiulviu.ro\/#\/schema\/person\/image\/\",\"url\":\"https:\/\/secure.gravatar.com\/avatar\/911e893b7cabcda895f0d0e78b8cbe7a5966ead41fc64bc5b70988f5f11d2a01?s=96&d=mm&r=g\",\"contentUrl\":\"https:\/\/secure.gravatar.com\/avatar\/911e893b7cabcda895f0d0e78b8cbe7a5966ead41fc64bc5b70988f5f11d2a01?s=96&d=mm&r=g\",\"caption\":\"admin\"},\"sameAs\":[\"https:\/\/graiulviu.ro\"],\"url\":\"https:\/\/graiulviu.ro\/?author=1\"}]}<\/script>\n<!-- \/ Yoast SEO plugin. -->","yoast_head_json":{"title":"Izvoarele din Bra\u0219ov, trecute pe lista neagr\u0103 - Graiul Viu","robots":{"index":"index","follow":"follow","max-snippet":"max-snippet:-1","max-image-preview":"max-image-preview:large","max-video-preview":"max-video-preview:-1"},"canonical":"https:\/\/graiulviu.ro\/?p=111","og_locale":"ro_RO","og_type":"article","og_title":"Izvoarele din Bra\u0219ov, trecute pe lista neagr\u0103 - Graiul Viu","og_description":"Ministerul S\u0103n\u0103t\u0103\u021bii vrea s\u0103 interzic\u0103 consumul apei naturale din Noua \u0219i de la Pietrele lui Solomon, iar \u021b\u0103ranii din D\u00e2mbovi\u021ba sunt amenda\u021bi c\u0103 i\u0219i ud\u0103 culturile cu apa din r\u00e2u. In acest timp, un deputat USR propune o lege pentru taxarea apei din f\u00e2nt\u00e2ni \u0219i izvoare C\u0103nd vezi un izvor de munte, limpede, rece, curg\u00e2nd [&hellip;]","og_url":"https:\/\/graiulviu.ro\/?p=111","og_site_name":"Graiul Viu","article_publisher":"https:\/\/www.facebook.com\/profile.php?id=100069328187717","article_published_time":"2025-07-19T09:11:02+00:00","article_modified_time":"2025-07-19T09:34:40+00:00","og_image":[{"width":759,"height":488,"url":"https:\/\/graiulviu.ro\/wp-content\/uploads\/2025\/07\/apa-izvor-apa-baut.jpeg","type":"image\/jpeg"}],"author":"admin","twitter_card":"summary_large_image","twitter_misc":{"Scris de":"admin","Timp estimat pentru citire":"5 minute"},"schema":{"@context":"https:\/\/schema.org","@graph":[{"@type":"Article","@id":"https:\/\/graiulviu.ro\/?p=111#article","isPartOf":{"@id":"https:\/\/graiulviu.ro\/?p=111"},"author":{"name":"admin","@id":"https:\/\/graiulviu.ro\/#\/schema\/person\/8f6638447718b426986efde0e67aa153"},"headline":"Izvoarele din Bra\u0219ov, trecute pe lista neagr\u0103","datePublished":"2025-07-19T09:11:02+00:00","dateModified":"2025-07-19T09:34:40+00:00","mainEntityOfPage":{"@id":"https:\/\/graiulviu.ro\/?p=111"},"wordCount":867,"commentCount":0,"publisher":{"@id":"https:\/\/graiulviu.ro\/#organization"},"image":{"@id":"https:\/\/graiulviu.ro\/?p=111#primaryimage"},"thumbnailUrl":"https:\/\/graiulviu.ro\/wp-content\/uploads\/2025\/07\/apa-izvor-apa-baut.jpeg","inLanguage":"ro-RO","potentialAction":[{"@type":"CommentAction","name":"Comment","target":["https:\/\/graiulviu.ro\/?p=111#respond"]}]},{"@type":"WebPage","@id":"https:\/\/graiulviu.ro\/?p=111","url":"https:\/\/graiulviu.ro\/?p=111","name":"Izvoarele din Bra\u0219ov, trecute pe lista neagr\u0103 - Graiul Viu","isPartOf":{"@id":"https:\/\/graiulviu.ro\/#website"},"primaryImageOfPage":{"@id":"https:\/\/graiulviu.ro\/?p=111#primaryimage"},"image":{"@id":"https:\/\/graiulviu.ro\/?p=111#primaryimage"},"thumbnailUrl":"https:\/\/graiulviu.ro\/wp-content\/uploads\/2025\/07\/apa-izvor-apa-baut.jpeg","datePublished":"2025-07-19T09:11:02+00:00","dateModified":"2025-07-19T09:34:40+00:00","breadcrumb":{"@id":"https:\/\/graiulviu.ro\/?p=111#breadcrumb"},"inLanguage":"ro-RO","potentialAction":[{"@type":"ReadAction","target":["https:\/\/graiulviu.ro\/?p=111"]}]},{"@type":"ImageObject","inLanguage":"ro-RO","@id":"https:\/\/graiulviu.ro\/?p=111#primaryimage","url":"https:\/\/graiulviu.ro\/wp-content\/uploads\/2025\/07\/apa-izvor-apa-baut.jpeg","contentUrl":"https:\/\/graiulviu.ro\/wp-content\/uploads\/2025\/07\/apa-izvor-apa-baut.jpeg","width":759,"height":488},{"@type":"BreadcrumbList","@id":"https:\/\/graiulviu.ro\/?p=111#breadcrumb","itemListElement":[{"@type":"ListItem","position":1,"name":"Home","item":"https:\/\/graiulviu.ro\/"},{"@type":"ListItem","position":2,"name":"Izvoarele din Bra\u0219ov, trecute pe lista neagr\u0103"}]},{"@type":"WebSite","@id":"https:\/\/graiulviu.ro\/#website","url":"https:\/\/graiulviu.ro\/","name":"Graiul Viu","description":"G\u00e2nd liber. Vorb\u0103 dreapt\u0103","publisher":{"@id":"https:\/\/graiulviu.ro\/#organization"},"potentialAction":[{"@type":"SearchAction","target":{"@type":"EntryPoint","urlTemplate":"https:\/\/graiulviu.ro\/?s={search_term_string}"},"query-input":{"@type":"PropertyValueSpecification","valueRequired":true,"valueName":"search_term_string"}}],"inLanguage":"ro-RO"},{"@type":"Organization","@id":"https:\/\/graiulviu.ro\/#organization","name":"Graiul Viu","url":"https:\/\/graiulviu.ro\/","logo":{"@type":"ImageObject","inLanguage":"ro-RO","@id":"https:\/\/graiulviu.ro\/#\/schema\/logo\/image\/","url":"https:\/\/graiulviu.ro\/wp-content\/uploads\/2025\/06\/Graiul_Viu_logo.png","contentUrl":"https:\/\/graiulviu.ro\/wp-content\/uploads\/2025\/06\/Graiul_Viu_logo.png","width":1024,"height":1024,"caption":"Graiul Viu"},"image":{"@id":"https:\/\/graiulviu.ro\/#\/schema\/logo\/image\/"},"sameAs":["https:\/\/www.facebook.com\/profile.php?id=100069328187717"]},{"@type":"Person","@id":"https:\/\/graiulviu.ro\/#\/schema\/person\/8f6638447718b426986efde0e67aa153","name":"admin","image":{"@type":"ImageObject","inLanguage":"ro-RO","@id":"https:\/\/graiulviu.ro\/#\/schema\/person\/image\/","url":"https:\/\/secure.gravatar.com\/avatar\/911e893b7cabcda895f0d0e78b8cbe7a5966ead41fc64bc5b70988f5f11d2a01?s=96&d=mm&r=g","contentUrl":"https:\/\/secure.gravatar.com\/avatar\/911e893b7cabcda895f0d0e78b8cbe7a5966ead41fc64bc5b70988f5f11d2a01?s=96&d=mm&r=g","caption":"admin"},"sameAs":["https:\/\/graiulviu.ro"],"url":"https:\/\/graiulviu.ro\/?author=1"}]}},"_links":{"self":[{"href":"https:\/\/graiulviu.ro\/index.php?rest_route=\/wp\/v2\/posts\/111","targetHints":{"allow":["GET"]}}],"collection":[{"href":"https:\/\/graiulviu.ro\/index.php?rest_route=\/wp\/v2\/posts"}],"about":[{"href":"https:\/\/graiulviu.ro\/index.php?rest_route=\/wp\/v2\/types\/post"}],"author":[{"embeddable":true,"href":"https:\/\/graiulviu.ro\/index.php?rest_route=\/wp\/v2\/users\/1"}],"replies":[{"embeddable":true,"href":"https:\/\/graiulviu.ro\/index.php?rest_route=%2Fwp%2Fv2%2Fcomments&post=111"}],"version-history":[{"count":4,"href":"https:\/\/graiulviu.ro\/index.php?rest_route=\/wp\/v2\/posts\/111\/revisions"}],"predecessor-version":[{"id":118,"href":"https:\/\/graiulviu.ro\/index.php?rest_route=\/wp\/v2\/posts\/111\/revisions\/118"}],"wp:attachment":[{"href":"https:\/\/graiulviu.ro\/index.php?rest_route=%2Fwp%2Fv2%2Fmedia&parent=111"}],"wp:term":[{"taxonomy":"category","embeddable":true,"href":"https:\/\/graiulviu.ro\/index.php?rest_route=%2Fwp%2Fv2%2Fcategories&post=111"},{"taxonomy":"post_tag","embeddable":true,"href":"https:\/\/graiulviu.ro\/index.php?rest_route=%2Fwp%2Fv2%2Ftags&post=111"}],"curies":[{"name":"wp","href":"https:\/\/api.w.org\/{rel}","templated":true}]}}