{"id":101,"date":"2025-07-15T12:25:57","date_gmt":"2025-07-15T12:25:57","guid":{"rendered":"https:\/\/graiulviu.ro\/?p=101"},"modified":"2025-07-15T14:17:42","modified_gmt":"2025-07-15T14:17:42","slug":"ce-a-mai-ramas-din-pnl-un-partid-istoric-calarit-azi-de-mafia-galbena","status":"publish","type":"post","link":"https:\/\/graiulviu.ro\/?p=101","title":{"rendered":"Ce a mai r\u0103mas din PNL? Un partid istoric, c\u0103l\u0103rit azi de mafia galben\u0103"},"content":{"rendered":"\n<h3 class=\"wp-block-heading\">PNL a ajuns o hait\u0103 care-\u0219i \u00eemparte func\u021bii \u00een consilii de administra\u021bie, pune \u0219omeri politici \u00een institu\u021bii pl\u0103tite rege\u0219te din banii no\u0219tri \u0219i face combina\u021bii de culise mai ceva ca pe vremea comuni\u0219tilor. <\/h3>\n\n\n\n<figure class=\"wp-block-image size-large\"><img loading=\"lazy\" decoding=\"async\" width=\"1024\" height=\"768\" src=\"https:\/\/graiulviu.ro\/wp-content\/uploads\/2025\/07\/Tanca-ok-copy-1024x768.jpg\" alt=\"\" class=\"wp-image-102\" srcset=\"https:\/\/graiulviu.ro\/wp-content\/uploads\/2025\/07\/Tanca-ok-copy-1024x768.jpg 1024w, https:\/\/graiulviu.ro\/wp-content\/uploads\/2025\/07\/Tanca-ok-copy-300x225.jpg 300w, https:\/\/graiulviu.ro\/wp-content\/uploads\/2025\/07\/Tanca-ok-copy-768x576.jpg 768w, https:\/\/graiulviu.ro\/wp-content\/uploads\/2025\/07\/Tanca-ok-copy-1536x1152.jpg 1536w, https:\/\/graiulviu.ro\/wp-content\/uploads\/2025\/07\/Tanca-ok-copy-2048x1536.jpg 2048w, https:\/\/graiulviu.ro\/wp-content\/uploads\/2025\/07\/Tanca-ok-copy-676x507.jpg 676w\" sizes=\"auto, (max-width: 1024px) 100vw, 1024px\" \/><\/figure>\n\n\n\n<p>Cine \u00ee\u0219i mai aduce aminte ast\u0103zi ce a fost odat\u0103 Partidul Na\u021bional Liberal? Un partid istoric, n\u0103scut din lupta cu regimul fanariot \u0219i apoi cu comunismul, un partid care a dat Rom\u00e2niei oameni mari, care au g\u00e2ndit pentru \u021bar\u0103 \u0219i au murit pentru ea.<\/p>\n\n\n\n<p>Ast\u0103zi?<br>Ast\u0103zi, PNL a ajuns o hait\u0103 care \u00ee\u0219i \u00eemparte func\u021bii \u00een consilii de administra\u021bie, care pune \u0219omeri politici \u00een institu\u021bii grase, pl\u0103tite rege\u0219te din banii no\u0219tri, \u0219i care face combina\u021bii de culise mai ru\u0219inoase dec\u00e2t orice scen\u0103 de pe vremea comuni\u0219tilor. S\u0103 ne fie ru\u0219ine c\u0103 trebuie s\u0103 spunem asta, dar realitatea e mult mai murdar\u0103 dec\u00e2t orice cuv\u00e2nt.<\/p>\n\n\n\n<p>Congresul PNL tocmai a validat \u2014 din nou \u2014 aceia\u0219i oameni care au \u00eengropat partidul \u00een cele mai slabe scoruri din istorie. Acela\u0219i Bolojan la v\u00e2rf, aceia\u0219i baroni jude\u021beni \u00een spate, acelea\u0219i sfori trase \u00een hoteluri \u0219i birouri de lux. S-au rotit \u00eentre ei, \u0219i-au mai dat ni\u0219te func\u021bii, au \u00eemp\u0103r\u021bit regiunile ca pe o prad\u0103.<\/p>\n\n\n\n<p>Iar Adrian Ve\u0219tea, \u0219eful PNL Bra\u0219ov, un om slab, fricos, incapabil s\u0103 aduc\u0103 ceva bun pentru jude\u021b, a ajuns prim-vicepre\u0219edinte pe \u021bar\u0103. Nu pentru c\u0103 l-au vrut oamenii, ci pentru c\u0103 a tras sfori \u0219i a f\u0103cut \u00een\u021belegeri pe sub mas\u0103 cu baronii din Sud \u0219i Nord-Vest. C\u00e2nd a sim\u021bit c\u0103 nu-i ajung voturile din Cluj, s-a dus s\u0103 cear\u0103 ajutorul altora. C\u00e2nd a venit momentul s\u0103-\u0219i respecte cuv\u00e2ntul dat, a tr\u0103dat. \u00cel acuz\u0103 chiar colegii lui liberali \u2014 Alin Ti\u0219e, pre\u0219edintele CJ Cluj, a spus clar: \u201ep\u00e2n\u0103 \u0219i comuni\u0219tii ar fi invidio\u0219i pe \u00een\u021belegerile astea\u201d.<\/p>\n\n\n\n<p>Nu e prima oar\u0103 c\u00e2nd PNL \u00ee\u0219i vinde propriii oameni. S\u0103 nu uit\u0103m cazul Crin Antonescu, c\u00e2nd propriul lui partid l-a tr\u0103dat la preziden\u021biale, prefer\u00e2nd combina\u021biile de moment \u0219i interesele personale. A\u0219a a pierdut Crin, iar Rom\u00e2nia a r\u0103mas cu aceea\u0219i mizerie politic\u0103 \u00een locul unei reforme adev\u0103rate.<\/p>\n\n\n\n<p>La Bra\u0219ov, Adrian Ve\u0219tea e exemplul perfect al unui politician care s-a c\u0103\u021b\u0103rat \u00een partid doar ca s\u0103 distribuie func\u021bii prietenilor. S\u0103 vorbim concret:<\/p>\n\n\n\n<ul class=\"wp-block-list\">\n<li><strong>Consiliul de Administra\u021bie al Companiei Na\u021bionale de Investi\u021bii<\/strong>, unde a fost propulsat\u0103 Raluca Fodor, o apropiat\u0103 direct\u0103 a lui Ve\u0219tea, f\u0103r\u0103 vreo realizare notabil\u0103, dar cu carnet galben \u0219i mult\u0103 obedien\u021b\u0103.<\/li>\n\n\n\n<li><strong>ADR Centru<\/strong>, transformat \u00eentr-un birou de resurse umane pentru \u0219omerii PNL Bra\u0219ov. Pe acolo \u0219i-au g\u0103sit locul diver\u0219i politruci, de la fo\u0219ti consilieri locali p\u00e2n\u0103 la nepo\u021bi de partid, pl\u0103ti\u021bi din fonduri europene \u0219i na\u021bionale.<\/li>\n\n\n\n<li><strong>Compania Apa Bra\u0219ov<\/strong>, unde PNL-ul condus de Ve\u0219tea a sus\u021binut instalarea lui Liviu Coco\u0219, un condamnat penal, \u00een func\u021bia de director. A trecut de vot cu entuziasm, singurul care a avut demnitatea s\u0103 se ab\u021bin\u0103 a fost membrul in consiliul de administra\u021bie, Laszlo Barabas.<\/li>\n<\/ul>\n\n\n\n<p>A\u0219a arat\u0103 \u201eliberalismul\u201d de azi. O ga\u0219c\u0103 de sinecuri\u0219ti care se folosesc de sigla istoric\u0103 a PNL doar pentru a-\u0219i \u00eemp\u0103r\u021bi bugetele locale, contractele \u0219i fotoliile. Poporul? Poporul pl\u0103te\u0219te. Din banii no\u0219tri se achit\u0103 salariile nesim\u021bite ale sinecuri\u0219tilor lor, pensiile speciale \u0219i leasingurile de lux. Din buzunarele noastre se pl\u0103tesc directorii la regia de transport care habar n-au c\u00e2t cost\u0103 un kilometru parcurs cu autobuzele, \u00een timp ce sta\u021biile RAT sunt pline de noroi \u0219i autobuzele zac defecte prin garaje.<\/p>\n\n\n\n<p>Ne-au transformat pe to\u021bi \u00een ni\u0219te pl\u0103titori t\u0103cu\u021bi ai privilegiilor lor. Ei \u00ee\u0219i fac combina\u021biile pe la Bucure\u0219ti, \u00ee\u0219i tr\u0103deaz\u0103 propriii colegi, \u00ee\u0219i lingu\u0219esc \u0219efii de la centru, iar noi r\u0103m\u00e2nem cu infrastructura praf, cu spitalele mizere \u0219i cu o administra\u021bie care nu r\u0103spunde la nimic.<\/p>\n\n\n\n<p>S\u0103 nu uit\u0103m c\u0103 noi suntem cei care-i pl\u0103tim \u0219i tot noi ar trebui s\u0103 fim cei care-i d\u0103m jos. C\u0103 altfel, r\u00e2ia asta galben\u0103 n-o mai scoatem niciodat\u0103 din pielea noastr\u0103.<\/p>\n\n\n\n<hr class=\"wp-block-separator has-alpha-channel-opacity\"\/>\n\n\n\n<p><\/p>\n","protected":false},"excerpt":{"rendered":"<p>PNL a ajuns o hait\u0103 care-\u0219i \u00eemparte func\u021bii \u00een consilii de administra\u021bie, pune \u0219omeri politici \u00een institu\u021bii pl\u0103tite rege\u0219te din banii no\u0219tri \u0219i face combina\u021bii de culise mai ceva ca pe vremea comuni\u0219tilor. Cine \u00ee\u0219i mai aduce aminte ast\u0103zi ce a fost odat\u0103 Partidul Na\u021bional Liberal? Un partid istoric, n\u0103scut din lupta cu regimul fanariot [&hellip;]<\/p>\n","protected":false},"author":1,"featured_media":0,"comment_status":"open","ping_status":"open","sticky":false,"template":"","format":"standard","meta":{"footnotes":""},"categories":[1],"tags":[],"class_list":["post-101","post","type-post","status-publish","format-standard","hentry","category-fara-categorie","post-preview"],"yoast_head":"<!-- This site is optimized with the Yoast SEO plugin v25.3.1 - https:\/\/yoast.com\/wordpress\/plugins\/seo\/ -->\n<title>Ce a mai r\u0103mas din PNL? Un partid istoric, c\u0103l\u0103rit azi de mafia galben\u0103 - Graiul Viu<\/title>\n<meta name=\"robots\" content=\"index, follow, max-snippet:-1, max-image-preview:large, max-video-preview:-1\" \/>\n<link rel=\"canonical\" href=\"https:\/\/graiulviu.ro\/?p=101\" \/>\n<meta property=\"og:locale\" content=\"ro_RO\" \/>\n<meta property=\"og:type\" content=\"article\" \/>\n<meta property=\"og:title\" content=\"Ce a mai r\u0103mas din PNL? Un partid istoric, c\u0103l\u0103rit azi de mafia galben\u0103 - Graiul Viu\" \/>\n<meta property=\"og:description\" content=\"PNL a ajuns o hait\u0103 care-\u0219i \u00eemparte func\u021bii \u00een consilii de administra\u021bie, pune \u0219omeri politici \u00een institu\u021bii pl\u0103tite rege\u0219te din banii no\u0219tri \u0219i face combina\u021bii de culise mai ceva ca pe vremea comuni\u0219tilor. Cine \u00ee\u0219i mai aduce aminte ast\u0103zi ce a fost odat\u0103 Partidul Na\u021bional Liberal? Un partid istoric, n\u0103scut din lupta cu regimul fanariot [&hellip;]\" \/>\n<meta property=\"og:url\" content=\"https:\/\/graiulviu.ro\/?p=101\" \/>\n<meta property=\"og:site_name\" content=\"Graiul Viu\" \/>\n<meta property=\"article:publisher\" content=\"https:\/\/www.facebook.com\/profile.php?id=100069328187717\" \/>\n<meta property=\"article:published_time\" content=\"2025-07-15T12:25:57+00:00\" \/>\n<meta property=\"article:modified_time\" content=\"2025-07-15T14:17:42+00:00\" \/>\n<meta property=\"og:image\" content=\"https:\/\/graiulviu.ro\/wp-content\/uploads\/2025\/07\/Tanca-ok-copy.jpg\" \/>\n\t<meta property=\"og:image:width\" content=\"2560\" \/>\n\t<meta property=\"og:image:height\" content=\"1920\" \/>\n\t<meta property=\"og:image:type\" content=\"image\/jpeg\" \/>\n<meta name=\"author\" content=\"admin\" \/>\n<meta name=\"twitter:card\" content=\"summary_large_image\" \/>\n<meta name=\"twitter:label1\" content=\"Scris de\" \/>\n\t<meta name=\"twitter:data1\" content=\"admin\" \/>\n\t<meta name=\"twitter:label2\" content=\"Timp estimat pentru citire\" \/>\n\t<meta name=\"twitter:data2\" content=\"4 minute\" \/>\n<script type=\"application\/ld+json\" class=\"yoast-schema-graph\">{\"@context\":\"https:\/\/schema.org\",\"@graph\":[{\"@type\":\"Article\",\"@id\":\"https:\/\/graiulviu.ro\/?p=101#article\",\"isPartOf\":{\"@id\":\"https:\/\/graiulviu.ro\/?p=101\"},\"author\":{\"name\":\"admin\",\"@id\":\"https:\/\/graiulviu.ro\/#\/schema\/person\/8f6638447718b426986efde0e67aa153\"},\"headline\":\"Ce a mai r\u0103mas din PNL? Un partid istoric, c\u0103l\u0103rit azi de mafia galben\u0103\",\"datePublished\":\"2025-07-15T12:25:57+00:00\",\"dateModified\":\"2025-07-15T14:17:42+00:00\",\"mainEntityOfPage\":{\"@id\":\"https:\/\/graiulviu.ro\/?p=101\"},\"wordCount\":767,\"commentCount\":0,\"publisher\":{\"@id\":\"https:\/\/graiulviu.ro\/#organization\"},\"image\":{\"@id\":\"https:\/\/graiulviu.ro\/?p=101#primaryimage\"},\"thumbnailUrl\":\"https:\/\/graiulviu.ro\/wp-content\/uploads\/2025\/07\/Tanca-ok-copy-1024x768.jpg\",\"inLanguage\":\"ro-RO\",\"potentialAction\":[{\"@type\":\"CommentAction\",\"name\":\"Comment\",\"target\":[\"https:\/\/graiulviu.ro\/?p=101#respond\"]}]},{\"@type\":\"WebPage\",\"@id\":\"https:\/\/graiulviu.ro\/?p=101\",\"url\":\"https:\/\/graiulviu.ro\/?p=101\",\"name\":\"Ce a mai r\u0103mas din PNL? Un partid istoric, c\u0103l\u0103rit azi de mafia galben\u0103 - Graiul Viu\",\"isPartOf\":{\"@id\":\"https:\/\/graiulviu.ro\/#website\"},\"primaryImageOfPage\":{\"@id\":\"https:\/\/graiulviu.ro\/?p=101#primaryimage\"},\"image\":{\"@id\":\"https:\/\/graiulviu.ro\/?p=101#primaryimage\"},\"thumbnailUrl\":\"https:\/\/graiulviu.ro\/wp-content\/uploads\/2025\/07\/Tanca-ok-copy-1024x768.jpg\",\"datePublished\":\"2025-07-15T12:25:57+00:00\",\"dateModified\":\"2025-07-15T14:17:42+00:00\",\"breadcrumb\":{\"@id\":\"https:\/\/graiulviu.ro\/?p=101#breadcrumb\"},\"inLanguage\":\"ro-RO\",\"potentialAction\":[{\"@type\":\"ReadAction\",\"target\":[\"https:\/\/graiulviu.ro\/?p=101\"]}]},{\"@type\":\"ImageObject\",\"inLanguage\":\"ro-RO\",\"@id\":\"https:\/\/graiulviu.ro\/?p=101#primaryimage\",\"url\":\"https:\/\/graiulviu.ro\/wp-content\/uploads\/2025\/07\/Tanca-ok-copy.jpg\",\"contentUrl\":\"https:\/\/graiulviu.ro\/wp-content\/uploads\/2025\/07\/Tanca-ok-copy.jpg\",\"width\":2560,\"height\":1920},{\"@type\":\"BreadcrumbList\",\"@id\":\"https:\/\/graiulviu.ro\/?p=101#breadcrumb\",\"itemListElement\":[{\"@type\":\"ListItem\",\"position\":1,\"name\":\"Home\",\"item\":\"https:\/\/graiulviu.ro\/\"},{\"@type\":\"ListItem\",\"position\":2,\"name\":\"Ce a mai r\u0103mas din PNL? Un partid istoric, c\u0103l\u0103rit azi de mafia galben\u0103\"}]},{\"@type\":\"WebSite\",\"@id\":\"https:\/\/graiulviu.ro\/#website\",\"url\":\"https:\/\/graiulviu.ro\/\",\"name\":\"Graiul Viu\",\"description\":\"G\u00e2nd liber. Vorb\u0103 dreapt\u0103\",\"publisher\":{\"@id\":\"https:\/\/graiulviu.ro\/#organization\"},\"potentialAction\":[{\"@type\":\"SearchAction\",\"target\":{\"@type\":\"EntryPoint\",\"urlTemplate\":\"https:\/\/graiulviu.ro\/?s={search_term_string}\"},\"query-input\":{\"@type\":\"PropertyValueSpecification\",\"valueRequired\":true,\"valueName\":\"search_term_string\"}}],\"inLanguage\":\"ro-RO\"},{\"@type\":\"Organization\",\"@id\":\"https:\/\/graiulviu.ro\/#organization\",\"name\":\"Graiul Viu\",\"url\":\"https:\/\/graiulviu.ro\/\",\"logo\":{\"@type\":\"ImageObject\",\"inLanguage\":\"ro-RO\",\"@id\":\"https:\/\/graiulviu.ro\/#\/schema\/logo\/image\/\",\"url\":\"https:\/\/graiulviu.ro\/wp-content\/uploads\/2025\/06\/Graiul_Viu_logo.png\",\"contentUrl\":\"https:\/\/graiulviu.ro\/wp-content\/uploads\/2025\/06\/Graiul_Viu_logo.png\",\"width\":1024,\"height\":1024,\"caption\":\"Graiul Viu\"},\"image\":{\"@id\":\"https:\/\/graiulviu.ro\/#\/schema\/logo\/image\/\"},\"sameAs\":[\"https:\/\/www.facebook.com\/profile.php?id=100069328187717\"]},{\"@type\":\"Person\",\"@id\":\"https:\/\/graiulviu.ro\/#\/schema\/person\/8f6638447718b426986efde0e67aa153\",\"name\":\"admin\",\"image\":{\"@type\":\"ImageObject\",\"inLanguage\":\"ro-RO\",\"@id\":\"https:\/\/graiulviu.ro\/#\/schema\/person\/image\/\",\"url\":\"https:\/\/secure.gravatar.com\/avatar\/911e893b7cabcda895f0d0e78b8cbe7a5966ead41fc64bc5b70988f5f11d2a01?s=96&d=mm&r=g\",\"contentUrl\":\"https:\/\/secure.gravatar.com\/avatar\/911e893b7cabcda895f0d0e78b8cbe7a5966ead41fc64bc5b70988f5f11d2a01?s=96&d=mm&r=g\",\"caption\":\"admin\"},\"sameAs\":[\"https:\/\/graiulviu.ro\"],\"url\":\"https:\/\/graiulviu.ro\/?author=1\"}]}<\/script>\n<!-- \/ Yoast SEO plugin. -->","yoast_head_json":{"title":"Ce a mai r\u0103mas din PNL? Un partid istoric, c\u0103l\u0103rit azi de mafia galben\u0103 - Graiul Viu","robots":{"index":"index","follow":"follow","max-snippet":"max-snippet:-1","max-image-preview":"max-image-preview:large","max-video-preview":"max-video-preview:-1"},"canonical":"https:\/\/graiulviu.ro\/?p=101","og_locale":"ro_RO","og_type":"article","og_title":"Ce a mai r\u0103mas din PNL? Un partid istoric, c\u0103l\u0103rit azi de mafia galben\u0103 - Graiul Viu","og_description":"PNL a ajuns o hait\u0103 care-\u0219i \u00eemparte func\u021bii \u00een consilii de administra\u021bie, pune \u0219omeri politici \u00een institu\u021bii pl\u0103tite rege\u0219te din banii no\u0219tri \u0219i face combina\u021bii de culise mai ceva ca pe vremea comuni\u0219tilor. Cine \u00ee\u0219i mai aduce aminte ast\u0103zi ce a fost odat\u0103 Partidul Na\u021bional Liberal? Un partid istoric, n\u0103scut din lupta cu regimul fanariot [&hellip;]","og_url":"https:\/\/graiulviu.ro\/?p=101","og_site_name":"Graiul Viu","article_publisher":"https:\/\/www.facebook.com\/profile.php?id=100069328187717","article_published_time":"2025-07-15T12:25:57+00:00","article_modified_time":"2025-07-15T14:17:42+00:00","og_image":[{"width":2560,"height":1920,"url":"https:\/\/graiulviu.ro\/wp-content\/uploads\/2025\/07\/Tanca-ok-copy.jpg","type":"image\/jpeg"}],"author":"admin","twitter_card":"summary_large_image","twitter_misc":{"Scris de":"admin","Timp estimat pentru citire":"4 minute"},"schema":{"@context":"https:\/\/schema.org","@graph":[{"@type":"Article","@id":"https:\/\/graiulviu.ro\/?p=101#article","isPartOf":{"@id":"https:\/\/graiulviu.ro\/?p=101"},"author":{"name":"admin","@id":"https:\/\/graiulviu.ro\/#\/schema\/person\/8f6638447718b426986efde0e67aa153"},"headline":"Ce a mai r\u0103mas din PNL? Un partid istoric, c\u0103l\u0103rit azi de mafia galben\u0103","datePublished":"2025-07-15T12:25:57+00:00","dateModified":"2025-07-15T14:17:42+00:00","mainEntityOfPage":{"@id":"https:\/\/graiulviu.ro\/?p=101"},"wordCount":767,"commentCount":0,"publisher":{"@id":"https:\/\/graiulviu.ro\/#organization"},"image":{"@id":"https:\/\/graiulviu.ro\/?p=101#primaryimage"},"thumbnailUrl":"https:\/\/graiulviu.ro\/wp-content\/uploads\/2025\/07\/Tanca-ok-copy-1024x768.jpg","inLanguage":"ro-RO","potentialAction":[{"@type":"CommentAction","name":"Comment","target":["https:\/\/graiulviu.ro\/?p=101#respond"]}]},{"@type":"WebPage","@id":"https:\/\/graiulviu.ro\/?p=101","url":"https:\/\/graiulviu.ro\/?p=101","name":"Ce a mai r\u0103mas din PNL? Un partid istoric, c\u0103l\u0103rit azi de mafia galben\u0103 - Graiul Viu","isPartOf":{"@id":"https:\/\/graiulviu.ro\/#website"},"primaryImageOfPage":{"@id":"https:\/\/graiulviu.ro\/?p=101#primaryimage"},"image":{"@id":"https:\/\/graiulviu.ro\/?p=101#primaryimage"},"thumbnailUrl":"https:\/\/graiulviu.ro\/wp-content\/uploads\/2025\/07\/Tanca-ok-copy-1024x768.jpg","datePublished":"2025-07-15T12:25:57+00:00","dateModified":"2025-07-15T14:17:42+00:00","breadcrumb":{"@id":"https:\/\/graiulviu.ro\/?p=101#breadcrumb"},"inLanguage":"ro-RO","potentialAction":[{"@type":"ReadAction","target":["https:\/\/graiulviu.ro\/?p=101"]}]},{"@type":"ImageObject","inLanguage":"ro-RO","@id":"https:\/\/graiulviu.ro\/?p=101#primaryimage","url":"https:\/\/graiulviu.ro\/wp-content\/uploads\/2025\/07\/Tanca-ok-copy.jpg","contentUrl":"https:\/\/graiulviu.ro\/wp-content\/uploads\/2025\/07\/Tanca-ok-copy.jpg","width":2560,"height":1920},{"@type":"BreadcrumbList","@id":"https:\/\/graiulviu.ro\/?p=101#breadcrumb","itemListElement":[{"@type":"ListItem","position":1,"name":"Home","item":"https:\/\/graiulviu.ro\/"},{"@type":"ListItem","position":2,"name":"Ce a mai r\u0103mas din PNL? Un partid istoric, c\u0103l\u0103rit azi de mafia galben\u0103"}]},{"@type":"WebSite","@id":"https:\/\/graiulviu.ro\/#website","url":"https:\/\/graiulviu.ro\/","name":"Graiul Viu","description":"G\u00e2nd liber. Vorb\u0103 dreapt\u0103","publisher":{"@id":"https:\/\/graiulviu.ro\/#organization"},"potentialAction":[{"@type":"SearchAction","target":{"@type":"EntryPoint","urlTemplate":"https:\/\/graiulviu.ro\/?s={search_term_string}"},"query-input":{"@type":"PropertyValueSpecification","valueRequired":true,"valueName":"search_term_string"}}],"inLanguage":"ro-RO"},{"@type":"Organization","@id":"https:\/\/graiulviu.ro\/#organization","name":"Graiul Viu","url":"https:\/\/graiulviu.ro\/","logo":{"@type":"ImageObject","inLanguage":"ro-RO","@id":"https:\/\/graiulviu.ro\/#\/schema\/logo\/image\/","url":"https:\/\/graiulviu.ro\/wp-content\/uploads\/2025\/06\/Graiul_Viu_logo.png","contentUrl":"https:\/\/graiulviu.ro\/wp-content\/uploads\/2025\/06\/Graiul_Viu_logo.png","width":1024,"height":1024,"caption":"Graiul Viu"},"image":{"@id":"https:\/\/graiulviu.ro\/#\/schema\/logo\/image\/"},"sameAs":["https:\/\/www.facebook.com\/profile.php?id=100069328187717"]},{"@type":"Person","@id":"https:\/\/graiulviu.ro\/#\/schema\/person\/8f6638447718b426986efde0e67aa153","name":"admin","image":{"@type":"ImageObject","inLanguage":"ro-RO","@id":"https:\/\/graiulviu.ro\/#\/schema\/person\/image\/","url":"https:\/\/secure.gravatar.com\/avatar\/911e893b7cabcda895f0d0e78b8cbe7a5966ead41fc64bc5b70988f5f11d2a01?s=96&d=mm&r=g","contentUrl":"https:\/\/secure.gravatar.com\/avatar\/911e893b7cabcda895f0d0e78b8cbe7a5966ead41fc64bc5b70988f5f11d2a01?s=96&d=mm&r=g","caption":"admin"},"sameAs":["https:\/\/graiulviu.ro"],"url":"https:\/\/graiulviu.ro\/?author=1"}]}},"_links":{"self":[{"href":"https:\/\/graiulviu.ro\/index.php?rest_route=\/wp\/v2\/posts\/101","targetHints":{"allow":["GET"]}}],"collection":[{"href":"https:\/\/graiulviu.ro\/index.php?rest_route=\/wp\/v2\/posts"}],"about":[{"href":"https:\/\/graiulviu.ro\/index.php?rest_route=\/wp\/v2\/types\/post"}],"author":[{"embeddable":true,"href":"https:\/\/graiulviu.ro\/index.php?rest_route=\/wp\/v2\/users\/1"}],"replies":[{"embeddable":true,"href":"https:\/\/graiulviu.ro\/index.php?rest_route=%2Fwp%2Fv2%2Fcomments&post=101"}],"version-history":[{"count":7,"href":"https:\/\/graiulviu.ro\/index.php?rest_route=\/wp\/v2\/posts\/101\/revisions"}],"predecessor-version":[{"id":110,"href":"https:\/\/graiulviu.ro\/index.php?rest_route=\/wp\/v2\/posts\/101\/revisions\/110"}],"wp:attachment":[{"href":"https:\/\/graiulviu.ro\/index.php?rest_route=%2Fwp%2Fv2%2Fmedia&parent=101"}],"wp:term":[{"taxonomy":"category","embeddable":true,"href":"https:\/\/graiulviu.ro\/index.php?rest_route=%2Fwp%2Fv2%2Fcategories&post=101"},{"taxonomy":"post_tag","embeddable":true,"href":"https:\/\/graiulviu.ro\/index.php?rest_route=%2Fwp%2Fv2%2Ftags&post=101"}],"curies":[{"name":"wp","href":"https:\/\/api.w.org\/{rel}","templated":true}]}}